{"id":4634,"date":"2020-02-12T10:44:26","date_gmt":"2020-02-12T10:44:26","guid":{"rendered":"http:\/\/domore.be\/mr-mvr-dalessandro-zelfbouwer-villa-bel-etage-huy\/"},"modified":"2025-03-20T11:40:00","modified_gmt":"2025-03-20T11:40:00","slug":"mr-mvr-dalessandro-zelfbouwer-villa-bel-etage-huy","status":"publish","type":"post","link":"https:\/\/isovariant.be\/nl\/mr-mvr-dalessandro-zelfbouwer-villa-bel-etage-huy\/","title":{"rendered":"Mr &#038; Mvr D&#8217;Alessandro &#8211; Zelfbouwer &#8211; Isolerende bekistingsblokken &#8211; Villa bel-etage"},"content":{"rendered":"\t\t<div data-elementor-type=\"wp-post\" data-elementor-id=\"4634\" class=\"elementor elementor-4634 elementor-2466\" data-elementor-post-type=\"post\">\n\t\t\t\t\t\t<section class=\"elementor-section elementor-top-section elementor-element elementor-element-3b9c4f8 elementor-section-height-min-height elementor-section-boxed elementor-section-height-default elementor-section-items-middle\" data-id=\"3b9c4f8\" data-element_type=\"section\" data-e-type=\"section\" data-settings=\"{&quot;background_background&quot;:&quot;classic&quot;}\">\n\t\t\t\t\t\t\t<div class=\"elementor-background-overlay\"><\/div>\n\t\t\t\t\t\t\t<div class=\"elementor-container elementor-column-gap-default\">\n\t\t\t\t\t<div class=\"elementor-column elementor-col-100 elementor-top-column elementor-element elementor-element-9bbafa0\" data-id=\"9bbafa0\" data-element_type=\"column\" data-e-type=\"column\">\n\t\t\t<div class=\"elementor-widget-wrap elementor-element-populated\">\n\t\t\t\t\t\t<div class=\"elementor-element elementor-element-ae0a158 elementor-widget elementor-widget-theme-post-title elementor-page-title elementor-widget-heading\" data-id=\"ae0a158\" data-element_type=\"widget\" data-e-type=\"widget\" data-widget_type=\"theme-post-title.default\">\n\t\t\t\t<div class=\"elementor-widget-container\">\n\t\t\t\t\t<h1 class=\"elementor-heading-title elementor-size-default\">Mr &#038; Mvr D&#8217;Alessandro &#8211; Zelfbouwer &#8211; Isolerende bekistingsblokken &#8211; Villa bel-etage<\/h1>\t\t\t\t<\/div>\n\t\t\t\t<\/div>\n\t\t\t\t\t<\/div>\n\t\t<\/div>\n\t\t\t\t\t<\/div>\n\t\t<\/section>\n\t\t\t\t<section class=\"elementor-section elementor-top-section elementor-element elementor-element-e1bb220 elementor-section-boxed elementor-section-height-default elementor-section-height-default\" data-id=\"e1bb220\" data-element_type=\"section\" data-e-type=\"section\">\n\t\t\t\t\t\t<div class=\"elementor-container elementor-column-gap-default\">\n\t\t\t\t\t<div class=\"elementor-column elementor-col-100 elementor-top-column elementor-element elementor-element-5a2eaf4\" data-id=\"5a2eaf4\" data-element_type=\"column\" data-e-type=\"column\">\n\t\t\t<div class=\"elementor-widget-wrap elementor-element-populated\">\n\t\t\t\t\t\t<div class=\"elementor-element elementor-element-855a76f elementor-widget elementor-widget-heading\" data-id=\"855a76f\" data-element_type=\"widget\" data-e-type=\"widget\" data-widget_type=\"heading.default\">\n\t\t\t\t<div class=\"elementor-widget-container\">\n\t\t\t\t\t<h2 class=\"elementor-heading-title elementor-size-default\">Introductie<\/h2>\t\t\t\t<\/div>\n\t\t\t\t<\/div>\n\t\t\t\t<div class=\"elementor-element elementor-element-0acd5b8 elementor-widget-divider--view-line elementor-widget elementor-widget-divider\" data-id=\"0acd5b8\" data-element_type=\"widget\" data-e-type=\"widget\" data-widget_type=\"divider.default\">\n\t\t\t\t<div class=\"elementor-widget-container\">\n\t\t\t\t\t\t\t<div class=\"elementor-divider\">\n\t\t\t<span class=\"elementor-divider-separator\">\n\t\t\t\t\t\t<\/span>\n\t\t<\/div>\n\t\t\t\t\t\t<\/div>\n\t\t\t\t<\/div>\n\t\t\t\t<div class=\"elementor-element elementor-element-afc7b99 elementor-widget elementor-widget-text-editor\" data-id=\"afc7b99\" data-element_type=\"widget\" data-e-type=\"widget\" data-widget_type=\"text-editor.default\">\n\t\t\t\t<div class=\"elementor-widget-container\">\n\t\t\t\t\t\t\t\t\t<h2 data-sourcepos=\"3:1-3:170\">Onze Zelfbouw Villa: Een Droom Die Werkelijkheid Werd<\/h2><div id=\"chat-history\" class=\"chat-history-scroll-container\"><div id=\"33d5ff42d51a2969\" class=\"conversation-container message-actions-hover-boundary response-optimization tts-removed ng-star-inserted\"><div class=\"response-container ng-tns-c633565229-129 response-optimization response-container-with-gpi tts-removed ng-star-inserted response-container-has-multiple-responses\"><div class=\"presented-response-container ng-tns-c633565229-129\"><div class=\"response-container-content ng-tns-c633565229-129\"><div class=\"response-content ng-tns-c633565229-129\"><div id=\"model-response-message-contentr_33d5ff42d51a2969\" class=\"markdown markdown-main-panel\" dir=\"ltr\"><p data-sourcepos=\"5:1-5:304\">Als zelfbouwer van onze villa met mijn vrouw hadden wij een ambitieus project: het bouwen van ons droomhuis. We kozen in 2013 voor de <a href=\"https:\/\/isovariant.be\/nl\/oplossingen\/muren\/\">isolerende bekistingblokken<\/a>\u00a0van <a href=\"https:\/\/isovariant.be\/nl\/\">Isovariant<\/a>, en onze bouw begon in maart 2014. Vandaag delen we graag onze succesvolle ervaring als <a href=\"https:\/\/isovariant.be\/nl\/diensten\/zelfbouw\/\">zelfbouwers<\/a> van onze villa.<\/p><h3 data-sourcepos=\"7:1-7:52\">Een Zelfbouw Villa Project van Vier Verdiepingen<\/h3><p data-sourcepos=\"9:1-9:129\">Ons zelfbouw villa project was verdeeld over vier niveaus, ontworpen om perfect aan onze behoeften en levensstijl te voldoen.<\/p><ul data-sourcepos=\"11:1-26:0\"><li data-sourcepos=\"11:1-14:0\"><p data-sourcepos=\"11:3-11:49\">Straatniveau: Functionaliteit en Werkplaats<\/p><p data-sourcepos=\"13:5-13:317\">Op straatniveau hebben we een praktische garage, een voorraadkamer, een wijnkelder voor onze beste flessen, een technische ruimte voor de installaties van het huis en een grote ruimte voor doe-het-zelven ingericht. Als zelfbouwers van onze villa was deze ruimte essentieel om onze werkzaamheden uit te voeren.<\/p><\/li><li data-sourcepos=\"15:1-18:0\"><p data-sourcepos=\"15:3-15:55\">Begane Grond: Lichtrijke en Gastvrije Leefruimtes<\/p><p data-sourcepos=\"17:5-17:491\">Op de begane grond, aan de tuinzijde, verlengt een ruim terras onze leefruimtes naar buiten. Binnen genieten we van een zeer grote woonkamer met veel licht dankzij een brede schuifpui. Onze grote, uitgeruste keuken, grenzend aan de woonkamer, is een gezellige plek. We hebben ook een functioneel kantoor, een praktische wasruimte en een toilet voor onze gasten ingericht. Dit niveau is ontworpen om het comfort van ons dagelijks leven als zelfbouwers van onze villa te maximaliseren.<\/p><\/li><li data-sourcepos=\"19:1-22:0\"><p data-sourcepos=\"19:3-19:60\">Eerste Verdieping: Intieme en Comfortabele Nachtruimte<\/p><p data-sourcepos=\"21:5-21:270\">De eerste verdieping is gewijd aan onze nachtruimte. We vinden er onze slaapkamers, ontworpen als echte rustgevende cocons, evenals onze moderne en goed uitgeruste badkamers. Als zelfbouwers van onze villa konden we elk detail van deze verdieping personaliseren.<\/p><\/li><li data-sourcepos=\"23:1-26:0\"><p data-sourcepos=\"23:3-23:59\">Zolderverdieping: Polyvalente Ruimtes en Opbergruimte<\/p><p data-sourcepos=\"25:5-25:258\">Ten slotte, onder het dak, bieden zeer grote zolderruimtes tal van mogelijkheden. We hebben er een ruime speelkamer ingericht voor onze ontspanningsmomenten en een deel als bergzolder. Deze extra ruimtes zijn een echte troef voor onze zelfbouw villa.<\/p><\/li><\/ul><h3 data-sourcepos=\"27:1-27:67\">Onze Villa Ge\u00efntegreerd in de Schoonheid van de Vallei van Hoei<\/h3><p data-sourcepos=\"29:1-29:434\">Vandaag wonen we met veel plezier in de prachtige vallei van Hoei. De omliggende landschappen, met name de gele koolzaadvelden in de lente, zijn een constante bron van vreugde. Zoals u op de foto&#8217;s kunt zien, past de buitenkant van ons huis, met zijn zandkleurige crepi en natuurstenen muurdelen, perfect in onze omgeving. Als zelfbouwers van onze villa hebben we ervoor gezorgd dat we de harmonie van het landschap respecteerden.<\/p><h3 data-sourcepos=\"31:1-31:71\">Comfort en Besparingen: De Voordelen voor Zelfbouwers van een Villa<\/h3><p data-sourcepos=\"33:1-33:619\">Onze zelfbouw villa is uiterst comfortabel dankzij de uitstekende isolatie. Door ervoor te kiezen om zelfbouwers van onze villa te zijn en de isolerende bekistingsblokken van Isovariant te gebruiken, hebben we een ruime constructie kunnen realiseren die aan al onze verwachtingen voldoet. Bovendien heeft de zelfbouw ons in staat gesteld het totale budget van ons project aanzienlijk te verlagen. Zoals Isovariant in zijn catalogus vermeldt, is de montage van de blokken kinderspel. Als zelfbouwers van onze villa bevestigen we dat het Isovariant-systeem ons project toegankelijk en aangenaam heeft gemaakt.<\/p><p data-sourcepos=\"35:1-35:272\">Kortom, onze ervaring als zelfbouwers van een villa met de Isovariant-blokken was een groot succes. We zijn erg blij met het resultaat en het comfort van ons huis. Bent u een zelfbouwer van een villa in hart en nieren, dan raden wij deze oplossing ten zeerste aan!<\/p><\/div><\/div><\/div><\/div><\/div><\/div><\/div>\t\t\t\t\t\t\t\t<\/div>\n\t\t\t\t<\/div>\n\t\t\t\t\t<\/div>\n\t\t<\/div>\n\t\t\t\t\t<\/div>\n\t\t<\/section>\n\t\t\t\t<section class=\"elementor-section elementor-top-section elementor-element elementor-element-ec67c7d elementor-section-boxed elementor-section-height-default elementor-section-height-default\" data-id=\"ec67c7d\" data-element_type=\"section\" data-e-type=\"section\">\n\t\t\t\t\t\t<div class=\"elementor-container elementor-column-gap-default\">\n\t\t\t\t\t<div class=\"elementor-column elementor-col-100 elementor-top-column elementor-element elementor-element-c51e591\" data-id=\"c51e591\" data-element_type=\"column\" data-e-type=\"column\">\n\t\t\t<div class=\"elementor-widget-wrap elementor-element-populated\">\n\t\t\t\t\t\t<div class=\"elementor-element elementor-element-adfbada elementor-widget elementor-widget-heading\" data-id=\"adfbada\" data-element_type=\"widget\" data-e-type=\"widget\" data-widget_type=\"heading.default\">\n\t\t\t\t<div class=\"elementor-widget-container\">\n\t\t\t\t\t<h2 class=\"elementor-heading-title elementor-size-default\">Portfolio<\/h2>\t\t\t\t<\/div>\n\t\t\t\t<\/div>\n\t\t\t\t<div class=\"elementor-element elementor-element-21bc67a elementor-widget-divider--view-line elementor-widget elementor-widget-divider\" data-id=\"21bc67a\" data-element_type=\"widget\" data-e-type=\"widget\" data-widget_type=\"divider.default\">\n\t\t\t\t<div class=\"elementor-widget-container\">\n\t\t\t\t\t\t\t<div class=\"elementor-divider\">\n\t\t\t<span class=\"elementor-divider-separator\">\n\t\t\t\t\t\t<\/span>\n\t\t<\/div>\n\t\t\t\t\t\t<\/div>\n\t\t\t\t<\/div>\n\t\t\t\t<div class=\"elementor-element elementor-element-382b7a3 elementor-arrows-position-inside elementor-pagination-position-outside elementor-widget elementor-widget-image-carousel\" data-id=\"382b7a3\" data-element_type=\"widget\" data-e-type=\"widget\" data-settings=\"{&quot;autoplay_speed&quot;:7000,&quot;speed&quot;:700,&quot;navigation&quot;:&quot;both&quot;,&quot;autoplay&quot;:&quot;yes&quot;,&quot;pause_on_hover&quot;:&quot;yes&quot;,&quot;pause_on_interaction&quot;:&quot;yes&quot;,&quot;infinite&quot;:&quot;yes&quot;,&quot;image_spacing_custom&quot;:{&quot;unit&quot;:&quot;px&quot;,&quot;size&quot;:20,&quot;sizes&quot;:[]},&quot;image_spacing_custom_tablet&quot;:{&quot;unit&quot;:&quot;px&quot;,&quot;size&quot;:&quot;&quot;,&quot;sizes&quot;:[]},&quot;image_spacing_custom_mobile&quot;:{&quot;unit&quot;:&quot;px&quot;,&quot;size&quot;:&quot;&quot;,&quot;sizes&quot;:[]}}\" data-widget_type=\"image-carousel.default\">\n\t\t\t\t<div class=\"elementor-widget-container\">\n\t\t\t\t\t\t\t<div class=\"elementor-image-carousel-wrapper swiper\" role=\"region\" aria-roledescription=\"carousel\" aria-label=\"Carrousel d\u2019images\" dir=\"ltr\">\n\t\t\t<div class=\"elementor-image-carousel swiper-wrapper\" aria-live=\"off\">\n\t\t\t\t\t\t\t\t<div class=\"swiper-slide\" role=\"group\" aria-roledescription=\"slide\" aria-label=\"1 van 7\"><figure class=\"swiper-slide-inner\"><img decoding=\"async\" class=\"swiper-slide-image lazyload\" data-src=\"https:\/\/isovariant.be\/wp-content\/uploads\/2020\/02\/DAlessandroDSC02426.webp\" alt=\"Etan\u00e7onnage des pointes, on ira pas plus haut. La toiture est maintenant pr\u00eate \u00e0 \u00eatre pos\u00e9e.\" src=\"data:image\/svg+xml;base64,PHN2ZyB3aWR0aD0iMSIgaGVpZ2h0PSIxIiB4bWxucz0iaHR0cDovL3d3dy53My5vcmcvMjAwMC9zdmciPjwvc3ZnPg==\" style=\"--smush-placeholder-width: 500px; --smush-placeholder-aspect-ratio: 500\/375;\" \/><figcaption class=\"elementor-image-carousel-caption\">Stutten van de punten, de top is bereikt. Het dak mag nu geplaatst worden. <\/figcaption><\/figure><\/div><div class=\"swiper-slide\" role=\"group\" aria-roledescription=\"slide\" aria-label=\"2 van 7\"><figure class=\"swiper-slide-inner\"><img decoding=\"async\" class=\"swiper-slide-image lazyload\" data-src=\"https:\/\/isovariant.be\/wp-content\/uploads\/2020\/02\/DAlessandroDSC02344.webp\" alt=\"Vu d&#039;en haut c&#039;est impressionnant, caves, rez, 1er \u00e7a fait une sacr\u00e9 hauteur :-)\" src=\"data:image\/svg+xml;base64,PHN2ZyB3aWR0aD0iMSIgaGVpZ2h0PSIxIiB4bWxucz0iaHR0cDovL3d3dy53My5vcmcvMjAwMC9zdmciPjwvc3ZnPg==\" style=\"--smush-placeholder-width: 500px; --smush-placeholder-aspect-ratio: 500\/375;\" \/><figcaption class=\"elementor-image-carousel-caption\">Van boven af gezien lijkt het zeer impressionant\u202f! Kelders, gelijkvloers, 1ste verdieping\u2026 het is een indrukwekkende hoogte<\/figcaption><\/figure><\/div><div class=\"swiper-slide\" role=\"group\" aria-roledescription=\"slide\" aria-label=\"3 van 7\"><figure class=\"swiper-slide-inner\"><img decoding=\"async\" class=\"swiper-slide-image lazyload\" data-src=\"https:\/\/isovariant.be\/wp-content\/uploads\/2020\/02\/DAlessandroDSC03339.webp\" alt=\"Toiture pos\u00e9e...sans soucis\" src=\"data:image\/svg+xml;base64,PHN2ZyB3aWR0aD0iMSIgaGVpZ2h0PSIxIiB4bWxucz0iaHR0cDovL3d3dy53My5vcmcvMjAwMC9zdmciPjwvc3ZnPg==\" style=\"--smush-placeholder-width: 500px; --smush-placeholder-aspect-ratio: 500\/375;\" \/><figcaption class=\"elementor-image-carousel-caption\">Dak geplaatst\u2026zonder probleem <\/figcaption><\/figure><\/div><div class=\"swiper-slide\" role=\"group\" aria-roledescription=\"slide\" aria-label=\"4 van 7\"><figure class=\"swiper-slide-inner\"><img decoding=\"async\" class=\"swiper-slide-image lazyload\" data-src=\"https:\/\/isovariant.be\/wp-content\/uploads\/2020\/02\/DAlessandroHomeDSC04240.webp\" alt=\"En cours de pose de cr\u00e9pi.. Vivement que ce soit termin\u00e9, la pierre du pays dans le bas, le cr\u00e9pi dans le haut devraient avoir le plus bel effet !\" src=\"data:image\/svg+xml;base64,PHN2ZyB3aWR0aD0iMSIgaGVpZ2h0PSIxIiB4bWxucz0iaHR0cDovL3d3dy53My5vcmcvMjAwMC9zdmciPjwvc3ZnPg==\" style=\"--smush-placeholder-width: 280px; --smush-placeholder-aspect-ratio: 280\/195;\" \/><figcaption class=\"elementor-image-carousel-caption\">Het sierpleister wordt geplaatst\u2026 Ik hoop dat het snel afgewerkt zal zijn, het sierpleister bovenaan zal een mooi effect cre\u00ebren\u202f! <\/figcaption><\/figure><\/div><div class=\"swiper-slide\" role=\"group\" aria-roledescription=\"slide\" aria-label=\"5 van 7\"><figure class=\"swiper-slide-inner\"><img decoding=\"async\" class=\"swiper-slide-image lazyload\" data-src=\"https:\/\/isovariant.be\/wp-content\/uploads\/2020\/02\/DAlessandroHomeDSC04508-ciel-bleu.webp\" alt=\"Il manque juste la terrasse et puis les abords du jardin, mais \u00e7a c\u2019est pour plus tard, maintenant on continue les travaux d\u2019int\u00e9rieur\u202f!\" src=\"data:image\/svg+xml;base64,PHN2ZyB3aWR0aD0iMSIgaGVpZ2h0PSIxIiB4bWxucz0iaHR0cDovL3d3dy53My5vcmcvMjAwMC9zdmciPjwvc3ZnPg==\" style=\"--smush-placeholder-width: 280px; --smush-placeholder-aspect-ratio: 280\/210;\" \/><figcaption class=\"elementor-image-carousel-caption\">Enkel het teras ontbreekt en dan de afwerking van de tuin, maar dit is voor later, nu starten we de werken binnenshuis\u202f! <\/figcaption><\/figure><\/div><div class=\"swiper-slide\" role=\"group\" aria-roledescription=\"slide\" aria-label=\"6 van 7\"><figure class=\"swiper-slide-inner\"><img decoding=\"async\" class=\"swiper-slide-image lazyload\" data-src=\"https:\/\/isovariant.be\/wp-content\/uploads\/2020\/02\/DAlessandroHomeDSC04505.webp\" alt=\"Vue de face &amp; fa\u00e7ade gauche voil\u00e0 la maison a maintenant son aspect ext\u00e9rieur termin\u00e9, et nous sommes super contents du r\u00e9sultat\" src=\"data:image\/svg+xml;base64,PHN2ZyB3aWR0aD0iMSIgaGVpZ2h0PSIxIiB4bWxucz0iaHR0cDovL3d3dy53My5vcmcvMjAwMC9zdmciPjwvc3ZnPg==\" style=\"--smush-placeholder-width: 280px; --smush-placeholder-aspect-ratio: 280\/210;\" \/><figcaption class=\"elementor-image-carousel-caption\">Vooraan en linker zicht. We zijn er! De woning is nu afgewerkt en we zijn super gelukkig met het resultaat! <\/figcaption><\/figure><\/div><div class=\"swiper-slide\" role=\"group\" aria-roledescription=\"slide\" aria-label=\"7 van 7\"><figure class=\"swiper-slide-inner\"><img decoding=\"async\" class=\"swiper-slide-image lazyload\" data-src=\"https:\/\/isovariant.be\/wp-content\/uploads\/2020\/02\/DAlessandroDSC04235.webp\" alt=\"La ressemblance avec la maquette est de plus en plus flagrante :-)\" src=\"data:image\/svg+xml;base64,PHN2ZyB3aWR0aD0iMSIgaGVpZ2h0PSIxIiB4bWxucz0iaHR0cDovL3d3dy53My5vcmcvMjAwMC9zdmciPjwvc3ZnPg==\" style=\"--smush-placeholder-width: 500px; --smush-placeholder-aspect-ratio: 500\/375;\" \/><figcaption class=\"elementor-image-carousel-caption\">Het huis begint meer en meer op de maquette te lijken<\/figcaption><\/figure><\/div>\t\t\t<\/div>\n\t\t\t\t\t\t\t\t\t\t\t\t<div class=\"elementor-swiper-button elementor-swiper-button-prev\" role=\"button\" tabindex=\"0\">\n\t\t\t\t\t\t<i aria-hidden=\"true\" class=\"eicon-chevron-left\"><\/i>\t\t\t\t\t<\/div>\n\t\t\t\t\t<div class=\"elementor-swiper-button elementor-swiper-button-next\" role=\"button\" tabindex=\"0\">\n\t\t\t\t\t\t<i aria-hidden=\"true\" class=\"eicon-chevron-right\"><\/i>\t\t\t\t\t<\/div>\n\t\t\t\t\n\t\t\t\t\t\t\t\t\t<div class=\"swiper-pagination\"><\/div>\n\t\t\t\t\t\t\t\t\t<\/div>\n\t\t\t\t\t\t<\/div>\n\t\t\t\t<\/div>\n\t\t\t\t\t<\/div>\n\t\t<\/div>\n\t\t\t\t\t<\/div>\n\t\t<\/section>\n\t\t\t\t<\/div>\n\t\t","protected":false},"excerpt":{"rendered":"<p>Huy (Prov. Luik) &#8211; 2014<\/p>\n","protected":false},"author":2,"featured_media":2463,"comment_status":"open","ping_status":"open","sticky":false,"template":"elementor_header_footer","format":"standard","meta":{"_monsterinsights_skip_tracking":false,"_monsterinsights_sitenote_active":false,"_monsterinsights_sitenote_note":"","_monsterinsights_sitenote_category":0,"ocean_post_layout":"full-width","ocean_both_sidebars_style":"","ocean_both_sidebars_content_width":0,"ocean_both_sidebars_sidebars_width":0,"ocean_sidebar":"0","ocean_second_sidebar":"0","ocean_disable_margins":"enable","ocean_add_body_class":"","ocean_shortcode_before_top_bar":"","ocean_shortcode_after_top_bar":"","ocean_shortcode_before_header":"","ocean_shortcode_after_header":"","ocean_has_shortcode":"","ocean_shortcode_after_title":"","ocean_shortcode_before_footer_widgets":"","ocean_shortcode_after_footer_widgets":"","ocean_shortcode_before_footer_bottom":"","ocean_shortcode_after_footer_bottom":"","ocean_display_top_bar":"default","ocean_display_header":"default","ocean_header_style":"","ocean_center_header_left_menu":"0","ocean_custom_header_template":"0","ocean_custom_logo":0,"ocean_custom_retina_logo":0,"ocean_custom_logo_max_width":0,"ocean_custom_logo_tablet_max_width":0,"ocean_custom_logo_mobile_max_width":0,"ocean_custom_logo_max_height":0,"ocean_custom_logo_tablet_max_height":0,"ocean_custom_logo_mobile_max_height":0,"ocean_header_custom_menu":"0","ocean_menu_typo_font_family":"0","ocean_menu_typo_font_subset":"","ocean_menu_typo_font_size":0,"ocean_menu_typo_font_size_tablet":0,"ocean_menu_typo_font_size_mobile":0,"ocean_menu_typo_font_size_unit":"px","ocean_menu_typo_font_weight":"","ocean_menu_typo_font_weight_tablet":"","ocean_menu_typo_font_weight_mobile":"","ocean_menu_typo_transform":"","ocean_menu_typo_transform_tablet":"","ocean_menu_typo_transform_mobile":"","ocean_menu_typo_line_height":0,"ocean_menu_typo_line_height_tablet":0,"ocean_menu_typo_line_height_mobile":0,"ocean_menu_typo_line_height_unit":"","ocean_menu_typo_spacing":0,"ocean_menu_typo_spacing_tablet":0,"ocean_menu_typo_spacing_mobile":0,"ocean_menu_typo_spacing_unit":"","ocean_menu_link_color":"","ocean_menu_link_color_hover":"","ocean_menu_link_color_active":"","ocean_menu_link_background":"","ocean_menu_link_hover_background":"","ocean_menu_link_active_background":"","ocean_menu_social_links_bg":"","ocean_menu_social_hover_links_bg":"","ocean_menu_social_links_color":"","ocean_menu_social_hover_links_color":"","ocean_disable_title":"on","ocean_disable_heading":"default","ocean_post_title":"","ocean_post_subheading":"","ocean_post_title_style":"","ocean_post_title_background_color":"","ocean_post_title_background":0,"ocean_post_title_bg_image_position":"","ocean_post_title_bg_image_attachment":"","ocean_post_title_bg_image_repeat":"","ocean_post_title_bg_image_size":"","ocean_post_title_height":0,"ocean_post_title_bg_overlay":0.5,"ocean_post_title_bg_overlay_color":"","ocean_disable_breadcrumbs":"default","ocean_breadcrumbs_color":"","ocean_breadcrumbs_separator_color":"","ocean_breadcrumbs_links_color":"","ocean_breadcrumbs_links_hover_color":"","ocean_display_footer_widgets":"default","ocean_display_footer_bottom":"default","ocean_custom_footer_template":"0","ocean_post_oembed":"","ocean_post_self_hosted_media":"","ocean_post_video_embed":"","ocean_link_format":"","ocean_link_format_target":"self","ocean_quote_format":"","ocean_quote_format_link":"post","ocean_gallery_link_images":"off","ocean_gallery_id":[],"footnotes":""},"categories":[310],"tags":[],"class_list":["post-4634","post","type-post","status-publish","format-standard","has-post-thumbnail","hentry","category-realisaties","entry","has-media"],"yoast_head":"<!-- This site is optimized with the Yoast SEO Premium plugin v26.1 (Yoast SEO v27.5) - https:\/\/yoast.com\/product\/yoast-seo-premium-wordpress\/ -->\n<title>Zelfbouwer - Villa - D&#039;Alessandro - Isolerende bekistingsblokken<\/title>\n<meta name=\"description\" content=\"Dhr. &amp; Mevr. D&#039;Alessandro - Zelfbouwer - Isolerende bekistingblokken - Bel-etage villa met crepi + natuursteen\" \/>\n<meta name=\"robots\" content=\"index, follow, max-snippet:-1, max-image-preview:large, max-video-preview:-1\" \/>\n<link rel=\"canonical\" href=\"https:\/\/isovariant.be\/nl\/mr-mvr-dalessandro-zelfbouwer-villa-bel-etage-huy\/\" \/>\n<meta property=\"og:locale\" content=\"nl_NL\" \/>\n<meta property=\"og:type\" content=\"article\" \/>\n<meta property=\"og:title\" content=\"Mr &amp; Mvr D&#039;Alessandro - Zelfbouwer - Isolerende bekistingsblokken - Villa bel-etage\" \/>\n<meta property=\"og:description\" content=\"Huy (Prov. Luik) - 2014\" \/>\n<meta property=\"og:url\" content=\"https:\/\/isovariant.be\/nl\/mr-mvr-dalessandro-zelfbouwer-villa-bel-etage-huy\/\" \/>\n<meta property=\"og:site_name\" content=\"Isovariant\" \/>\n<meta property=\"article:publisher\" content=\"https:\/\/www.facebook.com\/isovariant\/\" \/>\n<meta property=\"article:published_time\" content=\"2020-02-12T10:44:26+00:00\" \/>\n<meta property=\"article:modified_time\" content=\"2025-03-20T11:40:00+00:00\" \/>\n<meta property=\"og:image\" content=\"https:\/\/isovariant.be\/wp-content\/uploads\/2020\/02\/DAlessandroHomeDSC04505.webp\" \/>\n\t<meta property=\"og:image:width\" content=\"280\" \/>\n\t<meta property=\"og:image:height\" content=\"210\" \/>\n\t<meta property=\"og:image:type\" content=\"image\/jpeg\" \/>\n<meta name=\"author\" content=\"Fr\u00e9d\u00e9ric Stainier\" \/>\n<meta name=\"twitter:card\" content=\"summary_large_image\" \/>\n<meta name=\"twitter:label1\" content=\"Geschreven door\" \/>\n\t<meta name=\"twitter:data1\" content=\"Fr\u00e9d\u00e9ric Stainier\" \/>\n\t<meta name=\"twitter:label2\" content=\"Geschatte leestijd\" \/>\n\t<meta name=\"twitter:data2\" content=\"5 minuten\" \/>\n<script type=\"application\/ld+json\" class=\"yoast-schema-graph\">{\"@context\":\"https:\\\/\\\/schema.org\",\"@graph\":[{\"@type\":\"Article\",\"@id\":\"https:\\\/\\\/isovariant.be\\\/nl\\\/mr-mvr-dalessandro-zelfbouwer-villa-bel-etage-huy\\\/#article\",\"isPartOf\":{\"@id\":\"https:\\\/\\\/isovariant.be\\\/nl\\\/mr-mvr-dalessandro-zelfbouwer-villa-bel-etage-huy\\\/\"},\"author\":{\"name\":\"Fr\u00e9d\u00e9ric Stainier\",\"@id\":\"https:\\\/\\\/isovariant.be\\\/nl\\\/#\\\/schema\\\/person\\\/a39b7ffc8998eb1777afaf28fd179ca4\"},\"headline\":\"Mr &#038; Mvr D&#8217;Alessandro &#8211; Zelfbouwer &#8211; Isolerende bekistingsblokken &#8211; Villa bel-etage\",\"datePublished\":\"2020-02-12T10:44:26+00:00\",\"dateModified\":\"2025-03-20T11:40:00+00:00\",\"mainEntityOfPage\":{\"@id\":\"https:\\\/\\\/isovariant.be\\\/nl\\\/mr-mvr-dalessandro-zelfbouwer-villa-bel-etage-huy\\\/\"},\"wordCount\":650,\"commentCount\":0,\"publisher\":{\"@id\":\"https:\\\/\\\/isovariant.be\\\/nl\\\/#organization\"},\"image\":{\"@id\":\"https:\\\/\\\/isovariant.be\\\/nl\\\/mr-mvr-dalessandro-zelfbouwer-villa-bel-etage-huy\\\/#primaryimage\"},\"thumbnailUrl\":\"https:\\\/\\\/isovariant.be\\\/wp-content\\\/uploads\\\/2020\\\/02\\\/DAlessandroHomeDSC04505.webp\",\"articleSection\":[\"Realisaties\"],\"inLanguage\":\"nl-NL\",\"potentialAction\":[{\"@type\":\"CommentAction\",\"name\":\"Comment\",\"target\":[\"https:\\\/\\\/isovariant.be\\\/nl\\\/mr-mvr-dalessandro-zelfbouwer-villa-bel-etage-huy\\\/#respond\"]}]},{\"@type\":\"WebPage\",\"@id\":\"https:\\\/\\\/isovariant.be\\\/nl\\\/mr-mvr-dalessandro-zelfbouwer-villa-bel-etage-huy\\\/\",\"url\":\"https:\\\/\\\/isovariant.be\\\/nl\\\/mr-mvr-dalessandro-zelfbouwer-villa-bel-etage-huy\\\/\",\"name\":\"Zelfbouwer - Villa - D'Alessandro - Isolerende bekistingsblokken\",\"isPartOf\":{\"@id\":\"https:\\\/\\\/isovariant.be\\\/nl\\\/#website\"},\"primaryImageOfPage\":{\"@id\":\"https:\\\/\\\/isovariant.be\\\/nl\\\/mr-mvr-dalessandro-zelfbouwer-villa-bel-etage-huy\\\/#primaryimage\"},\"image\":{\"@id\":\"https:\\\/\\\/isovariant.be\\\/nl\\\/mr-mvr-dalessandro-zelfbouwer-villa-bel-etage-huy\\\/#primaryimage\"},\"thumbnailUrl\":\"https:\\\/\\\/isovariant.be\\\/wp-content\\\/uploads\\\/2020\\\/02\\\/DAlessandroHomeDSC04505.webp\",\"datePublished\":\"2020-02-12T10:44:26+00:00\",\"dateModified\":\"2025-03-20T11:40:00+00:00\",\"description\":\"Dhr. & Mevr. D'Alessandro - Zelfbouwer - Isolerende bekistingblokken - Bel-etage villa met crepi + natuursteen\",\"breadcrumb\":{\"@id\":\"https:\\\/\\\/isovariant.be\\\/nl\\\/mr-mvr-dalessandro-zelfbouwer-villa-bel-etage-huy\\\/#breadcrumb\"},\"inLanguage\":\"nl-NL\",\"potentialAction\":[{\"@type\":\"ReadAction\",\"target\":[\"https:\\\/\\\/isovariant.be\\\/nl\\\/mr-mvr-dalessandro-zelfbouwer-villa-bel-etage-huy\\\/\"]}]},{\"@type\":\"ImageObject\",\"inLanguage\":\"nl-NL\",\"@id\":\"https:\\\/\\\/isovariant.be\\\/nl\\\/mr-mvr-dalessandro-zelfbouwer-villa-bel-etage-huy\\\/#primaryimage\",\"url\":\"https:\\\/\\\/isovariant.be\\\/wp-content\\\/uploads\\\/2020\\\/02\\\/DAlessandroHomeDSC04505.webp\",\"contentUrl\":\"https:\\\/\\\/isovariant.be\\\/wp-content\\\/uploads\\\/2020\\\/02\\\/DAlessandroHomeDSC04505.webp\",\"width\":280,\"height\":210,\"caption\":\"Cr\u00e9pi termin\u00e9, \u00e9chafaudages partis, photo prise de loin, de la vall\u00e9e d\u2019en face\"},{\"@type\":\"BreadcrumbList\",\"@id\":\"https:\\\/\\\/isovariant.be\\\/nl\\\/mr-mvr-dalessandro-zelfbouwer-villa-bel-etage-huy\\\/#breadcrumb\",\"itemListElement\":[{\"@type\":\"ListItem\",\"position\":1,\"name\":\"Home\",\"item\":\"https:\\\/\\\/isovariant.be\\\/nl\\\/\"},{\"@type\":\"ListItem\",\"position\":2,\"name\":\"Mr &#038; Mvr D&#8217;Alessandro &#8211; Zelfbouwer &#8211; Isolerende bekistingsblokken &#8211; Villa bel-etage\"}]},{\"@type\":\"WebSite\",\"@id\":\"https:\\\/\\\/isovariant.be\\\/nl\\\/#website\",\"url\":\"https:\\\/\\\/isovariant.be\\\/nl\\\/\",\"name\":\"Isovariant\",\"description\":\"Construction &amp; Isolation\",\"publisher\":{\"@id\":\"https:\\\/\\\/isovariant.be\\\/nl\\\/#organization\"},\"potentialAction\":[{\"@type\":\"SearchAction\",\"target\":{\"@type\":\"EntryPoint\",\"urlTemplate\":\"https:\\\/\\\/isovariant.be\\\/nl\\\/?s={search_term_string}\"},\"query-input\":{\"@type\":\"PropertyValueSpecification\",\"valueRequired\":true,\"valueName\":\"search_term_string\"}}],\"inLanguage\":\"nl-NL\"},{\"@type\":\"Organization\",\"@id\":\"https:\\\/\\\/isovariant.be\\\/nl\\\/#organization\",\"name\":\"Isovariant\",\"url\":\"https:\\\/\\\/isovariant.be\\\/nl\\\/\",\"logo\":{\"@type\":\"ImageObject\",\"inLanguage\":\"nl-NL\",\"@id\":\"https:\\\/\\\/isovariant.be\\\/nl\\\/#\\\/schema\\\/logo\\\/image\\\/\",\"url\":\"https:\\\/\\\/isovariant.be\\\/wp-content\\\/uploads\\\/2018\\\/10\\\/cropped-Isovariant_logo_normal.webp\",\"contentUrl\":\"https:\\\/\\\/isovariant.be\\\/wp-content\\\/uploads\\\/2018\\\/10\\\/cropped-Isovariant_logo_normal.webp\",\"width\":512,\"height\":512,\"caption\":\"Isovariant\"},\"image\":{\"@id\":\"https:\\\/\\\/isovariant.be\\\/nl\\\/#\\\/schema\\\/logo\\\/image\\\/\"},\"sameAs\":[\"https:\\\/\\\/www.facebook.com\\\/isovariant\\\/\",\"https:\\\/\\\/www.instagram.com\\\/isovariant\\\/\"]},{\"@type\":\"Person\",\"@id\":\"https:\\\/\\\/isovariant.be\\\/nl\\\/#\\\/schema\\\/person\\\/a39b7ffc8998eb1777afaf28fd179ca4\",\"name\":\"Fr\u00e9d\u00e9ric Stainier\",\"url\":\"https:\\\/\\\/isovariant.be\\\/nl\\\/author\\\/frederic\\\/\"}]}<\/script>\n<!-- \/ Yoast SEO Premium plugin. -->","yoast_head_json":{"title":"Zelfbouwer - Villa - D'Alessandro - Isolerende bekistingsblokken","description":"Dhr. & Mevr. D'Alessandro - Zelfbouwer - Isolerende bekistingblokken - Bel-etage villa met crepi + natuursteen","robots":{"index":"index","follow":"follow","max-snippet":"max-snippet:-1","max-image-preview":"max-image-preview:large","max-video-preview":"max-video-preview:-1"},"canonical":"https:\/\/isovariant.be\/nl\/mr-mvr-dalessandro-zelfbouwer-villa-bel-etage-huy\/","og_locale":"nl_NL","og_type":"article","og_title":"Mr & Mvr D'Alessandro - Zelfbouwer - Isolerende bekistingsblokken - Villa bel-etage","og_description":"Huy (Prov. Luik) - 2014","og_url":"https:\/\/isovariant.be\/nl\/mr-mvr-dalessandro-zelfbouwer-villa-bel-etage-huy\/","og_site_name":"Isovariant","article_publisher":"https:\/\/www.facebook.com\/isovariant\/","article_published_time":"2020-02-12T10:44:26+00:00","article_modified_time":"2025-03-20T11:40:00+00:00","og_image":[{"width":280,"height":210,"url":"https:\/\/isovariant.be\/wp-content\/uploads\/2020\/02\/DAlessandroHomeDSC04505.webp","type":"image\/jpeg"}],"author":"Fr\u00e9d\u00e9ric Stainier","twitter_card":"summary_large_image","twitter_misc":{"Geschreven door":"Fr\u00e9d\u00e9ric Stainier","Geschatte leestijd":"5 minuten"},"schema":{"@context":"https:\/\/schema.org","@graph":[{"@type":"Article","@id":"https:\/\/isovariant.be\/nl\/mr-mvr-dalessandro-zelfbouwer-villa-bel-etage-huy\/#article","isPartOf":{"@id":"https:\/\/isovariant.be\/nl\/mr-mvr-dalessandro-zelfbouwer-villa-bel-etage-huy\/"},"author":{"name":"Fr\u00e9d\u00e9ric Stainier","@id":"https:\/\/isovariant.be\/nl\/#\/schema\/person\/a39b7ffc8998eb1777afaf28fd179ca4"},"headline":"Mr &#038; Mvr D&#8217;Alessandro &#8211; Zelfbouwer &#8211; Isolerende bekistingsblokken &#8211; Villa bel-etage","datePublished":"2020-02-12T10:44:26+00:00","dateModified":"2025-03-20T11:40:00+00:00","mainEntityOfPage":{"@id":"https:\/\/isovariant.be\/nl\/mr-mvr-dalessandro-zelfbouwer-villa-bel-etage-huy\/"},"wordCount":650,"commentCount":0,"publisher":{"@id":"https:\/\/isovariant.be\/nl\/#organization"},"image":{"@id":"https:\/\/isovariant.be\/nl\/mr-mvr-dalessandro-zelfbouwer-villa-bel-etage-huy\/#primaryimage"},"thumbnailUrl":"https:\/\/isovariant.be\/wp-content\/uploads\/2020\/02\/DAlessandroHomeDSC04505.webp","articleSection":["Realisaties"],"inLanguage":"nl-NL","potentialAction":[{"@type":"CommentAction","name":"Comment","target":["https:\/\/isovariant.be\/nl\/mr-mvr-dalessandro-zelfbouwer-villa-bel-etage-huy\/#respond"]}]},{"@type":"WebPage","@id":"https:\/\/isovariant.be\/nl\/mr-mvr-dalessandro-zelfbouwer-villa-bel-etage-huy\/","url":"https:\/\/isovariant.be\/nl\/mr-mvr-dalessandro-zelfbouwer-villa-bel-etage-huy\/","name":"Zelfbouwer - Villa - D'Alessandro - Isolerende bekistingsblokken","isPartOf":{"@id":"https:\/\/isovariant.be\/nl\/#website"},"primaryImageOfPage":{"@id":"https:\/\/isovariant.be\/nl\/mr-mvr-dalessandro-zelfbouwer-villa-bel-etage-huy\/#primaryimage"},"image":{"@id":"https:\/\/isovariant.be\/nl\/mr-mvr-dalessandro-zelfbouwer-villa-bel-etage-huy\/#primaryimage"},"thumbnailUrl":"https:\/\/isovariant.be\/wp-content\/uploads\/2020\/02\/DAlessandroHomeDSC04505.webp","datePublished":"2020-02-12T10:44:26+00:00","dateModified":"2025-03-20T11:40:00+00:00","description":"Dhr. & Mevr. D'Alessandro - Zelfbouwer - Isolerende bekistingblokken - Bel-etage villa met crepi + natuursteen","breadcrumb":{"@id":"https:\/\/isovariant.be\/nl\/mr-mvr-dalessandro-zelfbouwer-villa-bel-etage-huy\/#breadcrumb"},"inLanguage":"nl-NL","potentialAction":[{"@type":"ReadAction","target":["https:\/\/isovariant.be\/nl\/mr-mvr-dalessandro-zelfbouwer-villa-bel-etage-huy\/"]}]},{"@type":"ImageObject","inLanguage":"nl-NL","@id":"https:\/\/isovariant.be\/nl\/mr-mvr-dalessandro-zelfbouwer-villa-bel-etage-huy\/#primaryimage","url":"https:\/\/isovariant.be\/wp-content\/uploads\/2020\/02\/DAlessandroHomeDSC04505.webp","contentUrl":"https:\/\/isovariant.be\/wp-content\/uploads\/2020\/02\/DAlessandroHomeDSC04505.webp","width":280,"height":210,"caption":"Cr\u00e9pi termin\u00e9, \u00e9chafaudages partis, photo prise de loin, de la vall\u00e9e d\u2019en face"},{"@type":"BreadcrumbList","@id":"https:\/\/isovariant.be\/nl\/mr-mvr-dalessandro-zelfbouwer-villa-bel-etage-huy\/#breadcrumb","itemListElement":[{"@type":"ListItem","position":1,"name":"Home","item":"https:\/\/isovariant.be\/nl\/"},{"@type":"ListItem","position":2,"name":"Mr &#038; Mvr D&#8217;Alessandro &#8211; Zelfbouwer &#8211; Isolerende bekistingsblokken &#8211; Villa bel-etage"}]},{"@type":"WebSite","@id":"https:\/\/isovariant.be\/nl\/#website","url":"https:\/\/isovariant.be\/nl\/","name":"Isovariant","description":"Construction &amp; Isolation","publisher":{"@id":"https:\/\/isovariant.be\/nl\/#organization"},"potentialAction":[{"@type":"SearchAction","target":{"@type":"EntryPoint","urlTemplate":"https:\/\/isovariant.be\/nl\/?s={search_term_string}"},"query-input":{"@type":"PropertyValueSpecification","valueRequired":true,"valueName":"search_term_string"}}],"inLanguage":"nl-NL"},{"@type":"Organization","@id":"https:\/\/isovariant.be\/nl\/#organization","name":"Isovariant","url":"https:\/\/isovariant.be\/nl\/","logo":{"@type":"ImageObject","inLanguage":"nl-NL","@id":"https:\/\/isovariant.be\/nl\/#\/schema\/logo\/image\/","url":"https:\/\/isovariant.be\/wp-content\/uploads\/2018\/10\/cropped-Isovariant_logo_normal.webp","contentUrl":"https:\/\/isovariant.be\/wp-content\/uploads\/2018\/10\/cropped-Isovariant_logo_normal.webp","width":512,"height":512,"caption":"Isovariant"},"image":{"@id":"https:\/\/isovariant.be\/nl\/#\/schema\/logo\/image\/"},"sameAs":["https:\/\/www.facebook.com\/isovariant\/","https:\/\/www.instagram.com\/isovariant\/"]},{"@type":"Person","@id":"https:\/\/isovariant.be\/nl\/#\/schema\/person\/a39b7ffc8998eb1777afaf28fd179ca4","name":"Fr\u00e9d\u00e9ric Stainier","url":"https:\/\/isovariant.be\/nl\/author\/frederic\/"}]}},"_links":{"self":[{"href":"https:\/\/isovariant.be\/nl\/wp-json\/wp\/v2\/posts\/4634","targetHints":{"allow":["GET"]}}],"collection":[{"href":"https:\/\/isovariant.be\/nl\/wp-json\/wp\/v2\/posts"}],"about":[{"href":"https:\/\/isovariant.be\/nl\/wp-json\/wp\/v2\/types\/post"}],"author":[{"embeddable":true,"href":"https:\/\/isovariant.be\/nl\/wp-json\/wp\/v2\/users\/2"}],"replies":[{"embeddable":true,"href":"https:\/\/isovariant.be\/nl\/wp-json\/wp\/v2\/comments?post=4634"}],"version-history":[{"count":11,"href":"https:\/\/isovariant.be\/nl\/wp-json\/wp\/v2\/posts\/4634\/revisions"}],"predecessor-version":[{"id":14945,"href":"https:\/\/isovariant.be\/nl\/wp-json\/wp\/v2\/posts\/4634\/revisions\/14945"}],"wp:featuredmedia":[{"embeddable":true,"href":"https:\/\/isovariant.be\/nl\/wp-json\/wp\/v2\/media\/2463"}],"wp:attachment":[{"href":"https:\/\/isovariant.be\/nl\/wp-json\/wp\/v2\/media?parent=4634"}],"wp:term":[{"taxonomy":"category","embeddable":true,"href":"https:\/\/isovariant.be\/nl\/wp-json\/wp\/v2\/categories?post=4634"},{"taxonomy":"post_tag","embeddable":true,"href":"https:\/\/isovariant.be\/nl\/wp-json\/wp\/v2\/tags?post=4634"}],"curies":[{"name":"wp","href":"https:\/\/api.w.org\/{rel}","templated":true}]}}